{"id":422,"date":"2024-06-19T09:30:18","date_gmt":"2024-06-19T12:30:18","guid":{"rendered":"https:\/\/copema.com.br\/blog\/?p=422"},"modified":"2024-06-18T10:18:26","modified_gmt":"2024-06-18T13:18:26","slug":"copema-e-ribeirao-preto-uma-historia-de-sucesso","status":"publish","type":"post","link":"https:\/\/copema.com.br\/blog\/copema-e-ribeirao-preto-uma-historia-de-sucesso\/","title":{"rendered":"Copema e Ribeir\u00e3o Preto, uma hist\u00f3ria de sucesso!"},"content":{"rendered":"<p>Em meio \u00e0s comemora\u00e7\u00f5es do anivers\u00e1rio de 168 anos da cidade, a Copema, construtora com 39 anos de tradi\u00e7\u00e3o, celebra sua rica hist\u00f3ria entrela\u00e7ada com o desenvolvimento de Ribeir\u00e3o Preto. Desde sua funda\u00e7\u00e3o em 1985, a construtora tem sido sin\u00f4nimo de qualidade, inova\u00e7\u00e3o e compromisso com a comunidade, construindo empreendimentos residenciais e comerciais que marcaram a paisagem urbana e o estilo de vida da cidade.<\/p>\n<p>A trajet\u00f3ria da Copema em Ribeir\u00e3o Preto \u00e9 caracterizada por marcos not\u00e1veis. A construtora foi respons\u00e1vel por abrir novos horizontes na cidade, como o primeiro empreendimento, o Edif\u00edcio Marisa, no Jardim Paulista, com um padr\u00e3o diferenciado em rela\u00e7\u00e3o ao utilizado at\u00e9 ent\u00e3o, e o primeiro edif\u00edcio alto da Copema, o Parano\u00e1, com seus 15 andares, o projeto trazia uma novidade que transformaria a vida dos moradores: uma \u00e1rea de lazer exclusiva para o uso dos residentes, antes restrito \u00e0s casas.<\/p>\n<p><img loading=\"lazy\" class=\"alignnone size-large wp-image-424\" src=\"https:\/\/copema.com.br\/blog\/wp-content\/uploads\/2024\/06\/WhatsApp-Image-2024-06-18-at-10.08.36-1024x683.jpeg\" alt=\"\" width=\"1024\" height=\"683\" srcset=\"https:\/\/copema.com.br\/blog\/wp-content\/uploads\/2024\/06\/WhatsApp-Image-2024-06-18-at-10.08.36-1024x683.jpeg 1024w, https:\/\/copema.com.br\/blog\/wp-content\/uploads\/2024\/06\/WhatsApp-Image-2024-06-18-at-10.08.36-300x200.jpeg 300w, https:\/\/copema.com.br\/blog\/wp-content\/uploads\/2024\/06\/WhatsApp-Image-2024-06-18-at-10.08.36-768x513.jpeg 768w, https:\/\/copema.com.br\/blog\/wp-content\/uploads\/2024\/06\/WhatsApp-Image-2024-06-18-at-10.08.36-750x501.jpeg 750w, https:\/\/copema.com.br\/blog\/wp-content\/uploads\/2024\/06\/WhatsApp-Image-2024-06-18-at-10.08.36-1140x761.jpeg 1140w, https:\/\/copema.com.br\/blog\/wp-content\/uploads\/2024\/06\/WhatsApp-Image-2024-06-18-at-10.08.36.jpeg 1383w\" sizes=\"(max-width: 1024px) 100vw, 1024px\" \/><br \/>\nA excel\u00eancia da Copema se traduz em um hist\u00f3rico impec\u00e1vel de vendas de sucesso. Seus empreendimentos n\u00e3o apenas conquistam o p\u00fablico, como tamb\u00e9m se tornam refer\u00eancias de qualidade e sofistica\u00e7\u00e3o na cidade. Como os empreendimentos Les Alpes Beaumont, \u00cele Verte, Grand Paysage, Le Monde Parc, Les Alpes Bellegarde | Bellevue, Caiap\u00f3s,\u00a0 Le Monde Avenue,\u00a0 L&#8217;Ermitage, entre outros.<\/p>\n<p><strong>Mais do que construir, transformar vidas<\/strong><\/p>\n<p>Ao longo de sua hist\u00f3ria, a Copema se consolidou como mais do que uma construtora, mas sim como uma agente transformadora na vida das pessoas. Seus empreendimentos n\u00e3o apenas proporcionam moradia e espa\u00e7os comerciais, mas tamb\u00e9m criam comunidades vibrantes, impulsionando o desenvolvimento social e econ\u00f4mico da cidade. A construtora imprime sua assinatura em cada empreendimento, dedicando um olhar atento \u00e0s necessidades e desejos dos futuros moradores. O resultado? Espa\u00e7os que transcendem o comum, abra\u00e7ando a individualidade de cada estilo de vida.<\/p>\n<p>E para celebrar a sua hist\u00f3ria e olhar para o futuro, a Copema apresenta seu mais novo lan\u00e7amento: o Quartier.<\/p>\n<p>Localizado estrategicamente em um dos endere\u00e7os mais nobres de Ribeir\u00e3o Preto, a Avenida Wladimir Meirelles, o Quartier \u00e9 muito mais do que um empreendimento corporativo. \u00c9 um convite para elevar o seu neg\u00f3cio a novos patamares de excel\u00eancia e sucesso.<\/p>\n<p>Imagine-se cercado por polos comerciais vibrantes e vias de acesso que facilitam a vida de seus clientes e parceiros. Com uma fachada imponente, o Quartier anuncia desde o primeiro olhar a qualidade e excel\u00eancia que o seu empreendimento merece.<\/p>\n<p>Mas n\u00e3o \u00e9 apenas a localiza\u00e7\u00e3o que faz do Quartier uma escolha excepcional. Com plantas inteligentes que variam de 165 m\u00b2 a 220 m\u00b2, possui espa\u00e7os otimizados e personalizados para atender \u00e0s suas necessidades espec\u00edficas. Aqui, voc\u00ea encontra flexibilidade para moldar o ambiente conforme o seu neg\u00f3cio exige.<\/p>\n<p>A seguran\u00e7a e tranquilidade s\u00e3o prioridades. Por isso, h\u00e1 um sistema completo de seguran\u00e7a 24 horas, com controle de acesso por biometria. Al\u00e9m disso, o servi\u00e7o de valet parking garante ainda mais prote\u00e7\u00e3o para voc\u00ea e seus clientes.<\/p>\n<p><img loading=\"lazy\" class=\"alignnone size-full wp-image-425\" src=\"https:\/\/copema.com.br\/blog\/wp-content\/uploads\/2024\/06\/WhatsApp-Image-2024-06-18-at-10.10.46.jpeg\" alt=\"\" width=\"642\" height=\"916\" srcset=\"https:\/\/copema.com.br\/blog\/wp-content\/uploads\/2024\/06\/WhatsApp-Image-2024-06-18-at-10.10.46.jpeg 642w, https:\/\/copema.com.br\/blog\/wp-content\/uploads\/2024\/06\/WhatsApp-Image-2024-06-18-at-10.10.46-210x300.jpeg 210w\" sizes=\"(max-width: 642px) 100vw, 642px\" \/><\/p>\n<p>Para facilitar o seu dia a dia, o Quartier tem comodidades premium que fazem toda a diferen\u00e7a. Desde docas para carga e descarga at\u00e9 um empreendimento planejado para receber piso elevado, cada detalhe foi pensado para proporcionar praticidade e efici\u00eancia. E com um gerador que garante energia ininterrupta, voc\u00ea nunca ter\u00e1 que se preocupar com interrup\u00e7\u00f5es no seu trabalho.<\/p>\n<p>Com um legado de realiza\u00e7\u00f5es e um olhar sempre voltado para o futuro, a Copema reafirma seu compromisso com o desenvolvimento de Ribeir\u00e3o Preto. A empresa se orgulha de fazer parte da hist\u00f3ria da cidade e contribuir para a constru\u00e7\u00e3o de um futuro ainda mais pr\u00f3spero e promissor para todos.<\/p>\n","protected":false},"excerpt":{"rendered":"<p>Em meio \u00e0s comemora\u00e7\u00f5es do anivers\u00e1rio de 168 anos da cidade, a Copema, construtora com 39 anos de tradi\u00e7\u00e3o, celebra sua rica hist\u00f3ria entrela\u00e7ada com o desenvolvimento de Ribeir\u00e3o Preto. Desde sua funda\u00e7\u00e3o em 1985, a construtora tem sido sin\u00f4nimo de qualidade, inova\u00e7\u00e3o e compromisso com a comunidade, construindo empreendimentos residenciais e comerciais que marcaram [&hellip;]<\/p>\n","protected":false},"author":2,"featured_media":426,"comment_status":"open","ping_status":"open","sticky":false,"template":"","format":"standard","meta":[],"categories":[4,77,11,7],"tags":[59],"_links":{"self":[{"href":"https:\/\/copema.com.br\/blog\/wp-json\/wp\/v2\/posts\/422"}],"collection":[{"href":"https:\/\/copema.com.br\/blog\/wp-json\/wp\/v2\/posts"}],"about":[{"href":"https:\/\/copema.com.br\/blog\/wp-json\/wp\/v2\/types\/post"}],"author":[{"embeddable":true,"href":"https:\/\/copema.com.br\/blog\/wp-json\/wp\/v2\/users\/2"}],"replies":[{"embeddable":true,"href":"https:\/\/copema.com.br\/blog\/wp-json\/wp\/v2\/comments?post=422"}],"version-history":[{"count":1,"href":"https:\/\/copema.com.br\/blog\/wp-json\/wp\/v2\/posts\/422\/revisions"}],"predecessor-version":[{"id":427,"href":"https:\/\/copema.com.br\/blog\/wp-json\/wp\/v2\/posts\/422\/revisions\/427"}],"wp:featuredmedia":[{"embeddable":true,"href":"https:\/\/copema.com.br\/blog\/wp-json\/wp\/v2\/media\/426"}],"wp:attachment":[{"href":"https:\/\/copema.com.br\/blog\/wp-json\/wp\/v2\/media?parent=422"}],"wp:term":[{"taxonomy":"category","embeddable":true,"href":"https:\/\/copema.com.br\/blog\/wp-json\/wp\/v2\/categories?post=422"},{"taxonomy":"post_tag","embeddable":true,"href":"https:\/\/copema.com.br\/blog\/wp-json\/wp\/v2\/tags?post=422"}],"curies":[{"name":"wp","href":"https:\/\/api.w.org\/{rel}","templated":true}]}}