{"id":390,"date":"2024-03-27T14:33:26","date_gmt":"2024-03-27T17:33:26","guid":{"rendered":"https:\/\/copema.com.br\/blog\/?p=390"},"modified":"2024-03-27T14:33:26","modified_gmt":"2024-03-27T17:33:26","slug":"visite-o-decorado-e-apaixone-se-pelo-les-alpes-beaumont","status":"publish","type":"post","link":"https:\/\/copema.com.br\/blog\/visite-o-decorado-e-apaixone-se-pelo-les-alpes-beaumont\/","title":{"rendered":"Visite o decorado e apaixone-se pelo Les Alpes Beaumont"},"content":{"rendered":"<p>A escolha de um im\u00f3vel muitas vezes \u00e9 uma decis\u00e3o significativa e impactante.<\/p>\n<p>Dentre as diversas etapas envolvidas nessa jornada, a visita a um apartamento decorado se destaca como um passo fundamental para aqueles que desejam tomar uma decis\u00e3o concreta sobre seu futuro im\u00f3vel. Esse momento \u00e9 a oportunidade de transcender as linhas frias de uma planta baixa e realmente experimentar o espa\u00e7o, bem como explorar as possibilidades de ocupa\u00e7\u00e3o.<\/p>\n<p>As plantas dos im\u00f3veis s\u00e3o essenciais para se ter uma ideia geral da disposi\u00e7\u00e3o dos c\u00f4modos, mas, \u00e0s vezes, \u00e9 dif\u00edcil ter a dimens\u00e3o em rela\u00e7\u00e3o ao tamanho e \u00e0 usabilidade real de um espa\u00e7o. \u00c9 nesse contexto que a visita a um apartamento decorado se torna importante. Ao entrar no im\u00f3vel, pode experimentar a atmosfera, a ilumina\u00e7\u00e3o, a circula\u00e7\u00e3o e a disposi\u00e7\u00e3o dos ambientes de uma maneira que uma planta baixa jamais poderia proporcionar.<\/p>\n<p>Para tornar sua experi\u00eancia Copema ainda melhor e mais exclusiva, voc\u00ea pode conhecer em detalhes o Les Alpes Beaumont no decorado na Avenida Professor Jo\u00e3o Fi\u00fasa, 2291.<\/p>\n<p>A visita ao apartamento decorado permite que os interessados sintam o espa\u00e7o em sua totalidade. \u00c9 poss\u00edvel avaliar como os quartos se conectam entre si, como a luz natural adentra as janelas e como a mob\u00edlia se encaixa no ambiente. Essa experi\u00eancia sensorial vai al\u00e9m de qualquer representa\u00e7\u00e3o gr\u00e1fica e ajuda compreendero espa\u00e7o de forma mais tang\u00edvel.<\/p>\n<p>N\u00e3o perca a oportunidade de nos visitar e conhecer cada detalhe do Les Alpes Beaumont!<\/p>\n","protected":false},"excerpt":{"rendered":"<p>A escolha de um im\u00f3vel muitas vezes \u00e9 uma decis\u00e3o significativa e impactante. Dentre as diversas etapas envolvidas nessa jornada, a visita a um apartamento decorado se destaca como um passo fundamental para aqueles que desejam tomar uma decis\u00e3o concreta sobre seu futuro im\u00f3vel. Esse momento \u00e9 a oportunidade de transcender as linhas frias de [&hellip;]<\/p>\n","protected":false},"author":2,"featured_media":391,"comment_status":"open","ping_status":"open","sticky":false,"template":"","format":"standard","meta":[],"categories":[4,8],"tags":[],"_links":{"self":[{"href":"https:\/\/copema.com.br\/blog\/wp-json\/wp\/v2\/posts\/390"}],"collection":[{"href":"https:\/\/copema.com.br\/blog\/wp-json\/wp\/v2\/posts"}],"about":[{"href":"https:\/\/copema.com.br\/blog\/wp-json\/wp\/v2\/types\/post"}],"author":[{"embeddable":true,"href":"https:\/\/copema.com.br\/blog\/wp-json\/wp\/v2\/users\/2"}],"replies":[{"embeddable":true,"href":"https:\/\/copema.com.br\/blog\/wp-json\/wp\/v2\/comments?post=390"}],"version-history":[{"count":1,"href":"https:\/\/copema.com.br\/blog\/wp-json\/wp\/v2\/posts\/390\/revisions"}],"predecessor-version":[{"id":392,"href":"https:\/\/copema.com.br\/blog\/wp-json\/wp\/v2\/posts\/390\/revisions\/392"}],"wp:featuredmedia":[{"embeddable":true,"href":"https:\/\/copema.com.br\/blog\/wp-json\/wp\/v2\/media\/391"}],"wp:attachment":[{"href":"https:\/\/copema.com.br\/blog\/wp-json\/wp\/v2\/media?parent=390"}],"wp:term":[{"taxonomy":"category","embeddable":true,"href":"https:\/\/copema.com.br\/blog\/wp-json\/wp\/v2\/categories?post=390"},{"taxonomy":"post_tag","embeddable":true,"href":"https:\/\/copema.com.br\/blog\/wp-json\/wp\/v2\/tags?post=390"}],"curies":[{"name":"wp","href":"https:\/\/api.w.org\/{rel}","templated":true}]}}