{"id":360,"date":"2023-08-25T17:11:39","date_gmt":"2023-08-25T20:11:39","guid":{"rendered":"https:\/\/copema.com.br\/blog\/?p=360"},"modified":"2023-08-25T17:11:39","modified_gmt":"2023-08-25T20:11:39","slug":"les-alpes-bellevue-foi-entregue-em-2015","status":"publish","type":"post","link":"https:\/\/copema.com.br\/blog\/les-alpes-bellevue-foi-entregue-em-2015\/","title":{"rendered":"Les Alpes Bellevue foi entregue em 2015"},"content":{"rendered":"<p>No come\u00e7o de 2015, a Copema entregou as duas torres do Bellevue, segunda etapa do Les Alpes, condom\u00ednio de edif\u00edcios integrados localizado na regi\u00e3o do Saint Gerard, um bairro totalmente planejado, equipado com a infraestrutura necess\u00e1ria para garantir o conforto e situado na Zona Sul, uma das regi\u00f5es mais valorizadas e requintadas de Ribeir\u00e3o Preto, em meio a imensa \u00e1rea verde, com mais de 10 mil m<sup>2<\/sup> de mata nativa, parques e jardins.<\/p>\n<p>O Les Alpes Bellevue, projeto assinado pelo renomado arquiteto Fernando Rivabem, privilegia cada detalhe, formando um espa\u00e7o \u00fanico, com uma vista maravilhosa. S\u00e3o duas torres, com apartamentos tipo de 140 m<sup>2<\/sup> de \u00e1rea privativa, formada por 3 su\u00edtes (opcional 4 dormit\u00f3rios), varanda gourmet, com possibilidade de sala ampliada com 3 ambientes e duas vagas + box na garagem.<\/p>\n<p>A \u00e1rea comum do Les Alpes Bellevue \u00e9 equipada com piscinas adulto e infantil, churrasqueiras, quadra recreativa, garagens cobertas, brinquedoteca, sal\u00f5es de jogos e festas, estacionamento para visitantes e pra\u00e7as.<\/p>\n<p>&nbsp;<\/p>\n","protected":false},"excerpt":{"rendered":"<p>No come\u00e7o de 2015, a Copema entregou as duas torres do Bellevue, segunda etapa do Les Alpes, condom\u00ednio de edif\u00edcios integrados localizado na regi\u00e3o do Saint Gerard, um bairro totalmente planejado, equipado com a infraestrutura necess\u00e1ria para garantir o conforto e situado na Zona Sul, uma das regi\u00f5es mais valorizadas e requintadas de Ribeir\u00e3o Preto, [&hellip;]<\/p>\n","protected":false},"author":2,"featured_media":361,"comment_status":"open","ping_status":"open","sticky":false,"template":"","format":"standard","meta":[],"categories":[4,11],"tags":[],"_links":{"self":[{"href":"https:\/\/copema.com.br\/blog\/wp-json\/wp\/v2\/posts\/360"}],"collection":[{"href":"https:\/\/copema.com.br\/blog\/wp-json\/wp\/v2\/posts"}],"about":[{"href":"https:\/\/copema.com.br\/blog\/wp-json\/wp\/v2\/types\/post"}],"author":[{"embeddable":true,"href":"https:\/\/copema.com.br\/blog\/wp-json\/wp\/v2\/users\/2"}],"replies":[{"embeddable":true,"href":"https:\/\/copema.com.br\/blog\/wp-json\/wp\/v2\/comments?post=360"}],"version-history":[{"count":1,"href":"https:\/\/copema.com.br\/blog\/wp-json\/wp\/v2\/posts\/360\/revisions"}],"predecessor-version":[{"id":362,"href":"https:\/\/copema.com.br\/blog\/wp-json\/wp\/v2\/posts\/360\/revisions\/362"}],"wp:featuredmedia":[{"embeddable":true,"href":"https:\/\/copema.com.br\/blog\/wp-json\/wp\/v2\/media\/361"}],"wp:attachment":[{"href":"https:\/\/copema.com.br\/blog\/wp-json\/wp\/v2\/media?parent=360"}],"wp:term":[{"taxonomy":"category","embeddable":true,"href":"https:\/\/copema.com.br\/blog\/wp-json\/wp\/v2\/categories?post=360"},{"taxonomy":"post_tag","embeddable":true,"href":"https:\/\/copema.com.br\/blog\/wp-json\/wp\/v2\/tags?post=360"}],"curies":[{"name":"wp","href":"https:\/\/api.w.org\/{rel}","templated":true}]}}