{"id":224,"date":"2018-04-12T15:36:35","date_gmt":"2018-04-12T18:36:35","guid":{"rendered":"https:\/\/copema.com.br\/blog\/?p=224"},"modified":"2023-01-04T15:45:28","modified_gmt":"2023-01-04T17:45:28","slug":"jardins-do-bem-estar","status":"publish","type":"post","link":"https:\/\/copema.com.br\/blog\/jardins-do-bem-estar\/","title":{"rendered":"Jardins do bem-estar"},"content":{"rendered":"<p dir=\"ltr\">A chegada do calor traz em seu rastro o desejo de passar mais tempo sob a cu\u0301pula azulada do ce\u0301u. De que outra forma e\u0301 possi\u0301vel sentir a brisa morna, assistir ao cair da tarde, bem como apreciar o perfume das flores, a sombra das a\u0301rvores e o canto dos pa\u0301ssaros?<\/p>\n<p dir=\"ltr\">Esse conjunto sensorial faz um bem danado ao corpo e a\u0300 alma. Uma pesquisa conduzida pela Universidade de Rochester, nos Estados Unidos, mostrou que o simples contato com paisagens naturais aumenta a sensac\u0327a\u0303o de vitalidade. Vinte minutos de interac\u0327a\u0303o com esses cena\u0301rios sa\u0303o suficientes para intensificar o bem-estar e o relaxamento. E, no vera\u0303o, tambe\u0301m para amenizar o calor.<\/p>\n<p dir=\"ltr\">Quem pode corre para o jardim de casa ou ruma para a praia ou para o campo. A alternativa para aqueles que na\u0303o dispo\u0303em de uma a\u0301rea externa verdejante e\u0301 procurar o sombreado dos parques e das prac\u0327as. \u201cNessa e\u0301poca do ano, os jardins ganham mais uso e maior importa\u0302ncia, ja\u0301 que as pessoas mudam sua rotina por causa das fe\u0301rias de vera\u0303o\u201d, afirma o arquiteto paisagista Benedito Abbud, de Sa\u0303o Paulo.<\/p>\n<p dir=\"ltr\">So\u0301 que nem todos podem se afastar do escrito\u0301rio. Nesse caso, o jeito e\u0301 mudar de ambiente e trabalhar no jardim, ou melhor, no garden office. Como? Ora, valendo-se da tecnologia. \u201cUtilizando o celular e a tecnologia wi-fi, e\u0301 possi\u0301vel trabalhar num ambiente muito mais calmo e agrada\u0301vel ou simplesmente praticar o o\u0301cio criativo\u201d, sugere Abbud. Entretanto, certas precauc\u0327o\u0303es devem ser tomadas para que os raios solares na\u0303o incidam diretamente sobre os aparelhos e sobre a pele. Lounges externos sob pergolados, bangalo\u0302s com cortinas, gazebos e futons a\u0300 sombra de palmeiras sa\u0303o alguns recursos interessantes.<\/p>\n<p><img loading=\"lazy\" class=\"alignnone wp-image-225 size-full\" src=\"https:\/\/copema.com.br\/blog\/wp-content\/uploads\/2023\/01\/baixados.png\" alt=\"\" width=\"538\" height=\"304\" srcset=\"https:\/\/copema.com.br\/blog\/wp-content\/uploads\/2023\/01\/baixados.png 538w, https:\/\/copema.com.br\/blog\/wp-content\/uploads\/2023\/01\/baixados-300x170.png 300w\" sizes=\"(max-width: 538px) 100vw, 538px\" \/><br \/>\n<span style=\"font-weight: 400;\">Foto: Divulga\u00e7\u00e3o<\/span><\/p>\n<p style=\"font-weight: 400;\"><b>Oa\u0301sis tropical<\/b><\/p>\n<p style=\"font-weight: 400;\"><span style=\"font-weight: 400;\">Preparar o jardim para a temporada quente que vem por ai\u0301 pode ser um excelente passatempo. Para na\u0303o errar na escolha da vegetac\u0327a\u0303o, aposte nas palmeiras, sempre afinadas com o nosso clima tropical. \u201cElas conferem verticalidade ao ambiente, na\u0303o desprendem folhas com freque\u0302ncia e as partes secas, que ainda esta\u0303o na copa, sa\u0303o facilmente visi\u0301veis e removi\u0301veis\u201d, destaca Abbud.<\/span><\/p>\n<p style=\"font-weight: 400;\"><span style=\"font-weight: 400;\">Nesse grupo, ha\u0301 exemplares de tronco u\u0301nico (jeriva\u0301s, <\/span><i><span style=\"font-weight: 400;\">caryota urens <\/span><\/i><span style=\"font-weight: 400;\">e coqueiros) que, quando plantados em conjunto, criam sombra e transpare\u0302ncia sob a copa. Existem tambe\u0301m as multicaules (arecas e <\/span><i><span style=\"font-weight: 400;\">caryota mitis), <\/span><\/i><span style=\"font-weight: 400;\">indicadas para formar barreiras e tapar paisagens desinteressantes, como a de muros. Ha\u0301 ainda as palmeiras arbustivas (raphis e <\/span><i><span style=\"font-weight: 400;\">cha- maedoreas), <\/span><\/i><span style=\"font-weight: 400;\">que se adaptam bem a\u0300s sombras e sa\u0303o o\u0301timas para a criac\u0327a\u0303o de \u201cbiombos\u201d para cobrir muros baixos e ate\u0301 para a formac\u0327a\u0303o de macic\u0327os pouco elevados, que liberam o visual superior da paisagem. Arbustos de folhas grandes tambe\u0301m sa\u0303o indicados \u2013 mesmo os flori\u0301feros, que da\u0303o cor e vida aos ambientes. Plantas tropicais, como helico\u0302nia, alpi\u0301nia e ixora, na\u0303o podem faltar, claro. <\/span><\/p>\n<p style=\"font-weight: 400;\"><span style=\"font-weight: 400;\">O encanto provocado por um jardim, contudo, na\u0303o de- pende apenas da selec\u0327a\u0303o das espe\u0301cies, por mais belas que sejam. Alguns artifi\u0301cios sa\u0303o fundamentais quando se quer, ale\u0301m de maravilhar, surpreender. \u201cA surpresa e\u0301 um elemento fundamental para realc\u0327ar a beleza de um jardim. A dica e\u0301 mesclar espac\u0327os estreitos, sombreados e menos iluminados com ambientes amplos e claros, causando diferentes impresso\u0303es durante as caminhadas pela a\u0301rea\u201d, ressalta Abbud.<\/span><\/p>\n<p style=\"font-weight: 400;\"><span style=\"font-weight: 400;\">Na visa\u0303o do profissional, a este\u0301tica e\u0301 importante, mas na\u0303o se basta. E\u0301 por isso que a forma como os moradores e visitantes interagem com os espac\u0327os norteia seu trabalho paisagi\u0301stico. \u201cAntes de pensar nas plantas, e\u0301 preciso refletir sobre o uso destinado ao local. O jardim tem que ser, acima de tudo, u\u0301til. As pessoas precisam curtir aquele espac\u0327o, que deve ser harmo\u0302nico e aconchegante, como tambe\u0301m voltado para a confraternizac\u0327a\u0303o da fami\u0301lia e dos amigos\u201d, opina.<\/p>\n<p><img loading=\"lazy\" class=\"alignnone wp-image-226 size-full\" src=\"https:\/\/copema.com.br\/blog\/wp-content\/uploads\/2023\/01\/baixados-1.png\" alt=\"\" width=\"535\" height=\"306\" srcset=\"https:\/\/copema.com.br\/blog\/wp-content\/uploads\/2023\/01\/baixados-1.png 535w, https:\/\/copema.com.br\/blog\/wp-content\/uploads\/2023\/01\/baixados-1-300x172.png 300w\" sizes=\"(max-width: 535px) 100vw, 535px\" \/><br \/>\nFoto: Divulga\u00e7\u00e3o<br \/>\n<\/span><\/p>\n<p><b>Espac\u0327os compactos<\/b><\/p>\n<p>Na\u0303o importa se o proprieta\u0301rio so\u0301 dispo\u0303e de um pequeno quintal nos fundos da casa ou de uma modesta varanda no apartamento. Com criatividade, e\u0301 possi\u0301vel criar cantos acolhedores e refrescantes nesses pontos das reside\u0302ncias. \u201cQuintais sa\u0303o raridade hoje em dia, por isso devem ser cuidados com todo o carinho. Ja\u0301 as varandas sa\u0303o espac\u0327os informais marcados pela transic\u0327a\u0303o entre o interior e o exterior\u201d, define o profissional.<\/p>\n<p>Para o primeiro caso, ele sugere a criac\u0327a\u0303o de um recanto voltado para o relaxamento. De sai\u0301da, os muros devem ser recobertos com trepadeiras, como a unha-de-gato, que se fixa naturalmente sobre a superfi\u0301cie, mas demanda podas regulares. \u201cQuando tem func\u0327a\u0303o de revestimento, a vegetac\u0327a\u0303o da\u0301 a sensac\u0327a\u0303o de que o ambiente e\u0301 maior e mais bonito\u201d, diz Abbud. Pergolados forrados com parreiras ou com a planta do maracuja\u0301 produzem sombra e ainda trazem aromas especiais. \u201cEm locais quentes como Ribeira\u0303o Preto, vale instalar um chuveira\u0303o se o espac\u0327o na\u0303o comportar uma banheira do tipo spa\u201d, sugere ele. Churrasqueira, equipamento de gina\u0301stica e horta com ervas frescas tambe\u0301m sa\u0303o boas pedidas.<\/p>\n<p>Ja\u0301 a varanda, segundo o paisagista, transformou-se, nos u\u0301ltimos anos, no ponto de encontro da fami\u0301lia. E\u0301 ali que pais e filhos se sentam para conversar de forma descontrai\u0301da ou para tomar cafe\u0301 da manha\u0303, ler o jornal ou manusear o note-book. Os projetos direcionados para esse trecho dos apartamentos precisam, de antema\u0303o, solucionar um problema muito comum: a vista do entorno, nem sempre agrada\u0301vel. \u201cEm geral, o que se ve\u0302 sa\u0303o uma se\u0301rie de telhados ou partes dos edifi\u0301cios vizinhos, que acabam comprometendo a priva- cidade dos moradores\u201d, observa ele.<\/p>\n<p>Dessa constatac\u0327a\u0303o adve\u0301m a estrate\u0301gia de mascarar, com a ajuda das plantas, o que na\u0303o apetece aos olhos e, em contrapartida, valorizar o que merece ser apreciado. \u201cSugiro a colocac\u0327a\u0303o de floreiras retangulares no peitoril da sacada, nas quais devem ser plantadas espe\u0301cies baixas de ate\u0301 50 cm de altura. Assim, quando a pessoa estiver sentada, na\u0303o enxergara\u0301 o que esta\u0301 por tra\u0301s desse anteparo natural\u201d, diz o paisagista. Came\u0301lias, garde\u0302nias, azaleias e ra\u0301fias, todas do- tadas de folhas resistentes a\u0300 ac\u0327a\u0303o do vento, compo\u0303em bons \u201cescudos\u201d verdes quando o objetivo e\u0301 resguardar ainda mais o espac\u0327o.<\/p>\n<p style=\"font-weight: 400;\"><span style=\"font-weight: 400;\"><img loading=\"lazy\" class=\"alignnone wp-image-227 size-full\" src=\"https:\/\/copema.com.br\/blog\/wp-content\/uploads\/2023\/01\/baixados-13.jpg\" alt=\"\" width=\"564\" height=\"347\" srcset=\"https:\/\/copema.com.br\/blog\/wp-content\/uploads\/2023\/01\/baixados-13.jpg 564w, https:\/\/copema.com.br\/blog\/wp-content\/uploads\/2023\/01\/baixados-13-300x185.jpg 300w\" sizes=\"(max-width: 564px) 100vw, 564px\" \/><br \/>\n<\/span><\/p>\n<p style=\"font-weight: 400;\"><span style=\"font-weight: 400;\">Foto: Pinterest<\/span><\/p>\n<p style=\"font-weight: 400;\"><span style=\"font-weight: 400;\">O mobilia\u0301rio e\u0301 introduzido apo\u0301s a distribuic\u0327a\u0303o das plantas, de prefere\u0302ncia favorecendo a criac\u0327a\u0303o de ambientes com func\u0327o\u0303es bem definidas: living e mesa de refeic\u0327o\u0303es. \u201cNa impossibilidade de construir uma churrasqueira, o grill ele\u0301trico e\u0301 uma alternativa pra\u0301tica para que a varanda se torne um reduto gastrono\u0302mico\u201d, aponta.<\/span><\/p>\n<p style=\"font-weight: 400;\"><span style=\"font-weight: 400;\">Tanto no quintal como na varanda, ainda e\u0301 possi\u0301vel criar um pomar em vasos, o\u0301tima artimanha para atrair pa\u0301ssaros, perfumar as cercanias e ainda abastecer a fami\u0301lia com frutas fresquinhas. \u201cIsso so\u0301 e\u0301 possi\u0301vel se o porte final da a\u0301rvore for pequeno\u201d, enfatiza o profissional. Limoeiro, pitangueira, jabuticabeira e laranjeira sa\u0303o as espe\u0301cies mais adequadas para essa finalidade.<\/p>\n<p>A boa not\u00edcia \u00e9 que, numa cidade de temperaturas elevadas como Ribeir\u00e3o Preto, fica f\u00e1cil manter o jardim vi\u00e7oso. &#8220;Plantas adoram o clima quente. Esta \u00e9 uma regra geral&#8221;, endossa o paisagista. Entretanto, picos de calor demandam refor\u00e7os na irriga\u00e7\u00e3o. &#8220;Se a terra estiver seca, est\u00e1 na hora de reg\u00e1-la, o que deve acontecer de manh\u00e3 bem cedo ou no come\u00e7o da noite. Nunca nos per\u00edodos de sol, pois o excesso de calor somado \u00e0 \u00e1gua superaquece as plantas, que acabam sendo &#8216;cozidas'&#8221;, alerta ele. O ideal \u00e9 que haja, pelo menos, um acompanhamento mensal e irriga\u00e7\u00e3o autom\u00e1tica, que j\u00e1 apresenta tecnologia e custos acess\u00edveis.<\/span><\/p>\n<p style=\"font-weight: 400;\"><span style=\"font-weight: 400;\">Texto: Raphaela de Campos Mello<\/span><\/p>\n","protected":false},"excerpt":{"rendered":"<p>A chegada do calor traz em seu rastro o desejo de passar mais tempo sob a cu\u0301pula azulada do ce\u0301u. De que outra forma e\u0301 possi\u0301vel sentir a brisa morna, assistir ao cair da tarde, bem como apreciar o perfume das flores, a sombra das a\u0301rvores e o canto dos pa\u0301ssaros? Esse conjunto sensorial faz [&hellip;]<\/p>\n","protected":false},"author":2,"featured_media":228,"comment_status":"open","ping_status":"open","sticky":false,"template":"","format":"standard","meta":[],"categories":[8],"tags":[62,20,61],"_links":{"self":[{"href":"https:\/\/copema.com.br\/blog\/wp-json\/wp\/v2\/posts\/224"}],"collection":[{"href":"https:\/\/copema.com.br\/blog\/wp-json\/wp\/v2\/posts"}],"about":[{"href":"https:\/\/copema.com.br\/blog\/wp-json\/wp\/v2\/types\/post"}],"author":[{"embeddable":true,"href":"https:\/\/copema.com.br\/blog\/wp-json\/wp\/v2\/users\/2"}],"replies":[{"embeddable":true,"href":"https:\/\/copema.com.br\/blog\/wp-json\/wp\/v2\/comments?post=224"}],"version-history":[{"count":1,"href":"https:\/\/copema.com.br\/blog\/wp-json\/wp\/v2\/posts\/224\/revisions"}],"predecessor-version":[{"id":229,"href":"https:\/\/copema.com.br\/blog\/wp-json\/wp\/v2\/posts\/224\/revisions\/229"}],"wp:featuredmedia":[{"embeddable":true,"href":"https:\/\/copema.com.br\/blog\/wp-json\/wp\/v2\/media\/228"}],"wp:attachment":[{"href":"https:\/\/copema.com.br\/blog\/wp-json\/wp\/v2\/media?parent=224"}],"wp:term":[{"taxonomy":"category","embeddable":true,"href":"https:\/\/copema.com.br\/blog\/wp-json\/wp\/v2\/categories?post=224"},{"taxonomy":"post_tag","embeddable":true,"href":"https:\/\/copema.com.br\/blog\/wp-json\/wp\/v2\/tags?post=224"}],"curies":[{"name":"wp","href":"https:\/\/api.w.org\/{rel}","templated":true}]}}