{"id":170,"date":"2021-06-11T14:53:10","date_gmt":"2021-06-11T17:53:10","guid":{"rendered":"https:\/\/copema.com.br\/blog\/?p=170"},"modified":"2023-01-04T15:18:35","modified_gmt":"2023-01-04T17:18:35","slug":"plantas-inteligentes-se-destacam-ao-combinar-inovacao-e-flexibilidade-criativa","status":"publish","type":"post","link":"https:\/\/copema.com.br\/blog\/plantas-inteligentes-se-destacam-ao-combinar-inovacao-e-flexibilidade-criativa\/","title":{"rendered":"Plantas inteligentes se destacam ao combinar inova\u00e7\u00e3o e flexibilidade criativa"},"content":{"rendered":"<p style=\"font-weight: 400;\">A arquitetura residencial vem sendo influenciada pelos novos tempos. O confinamento trouxe a necessidade de adaptar o lar para acomodar todas as atividades que passaram a ser realizadas em casa: trabalho, estudos, lazer, refei\u00e7\u00f5es e exerc\u00edcios f\u00edsicos<\/p>\n<p style=\"font-weight: 400;\">Um dos reflexos da pandemia \u00e9 que a separa\u00e7\u00e3o de c\u00f4modos sai de cena e d\u00e1 lugar aos ambientes integrados e multiuso. Sempre pontuando a valoriza\u00e7\u00e3o da integra\u00e7\u00e3o da natureza ao ambiente. Atualmente, \u00e9 poss\u00edvel projetar um im\u00f3vel confort\u00e1vel e aconchegante junto ao verde, de forma criativa e t\u00e9cnica.<\/p>\n<p style=\"font-weight: 400;\">Pode at\u00e9 parecer dif\u00edcil imaginar um projeto que contemple todos esses aspectos, mas a boa not\u00edcia \u00e9 que ele existe!<\/p>\n<p style=\"font-weight: 400;\">O \u00cele Verte, da Copema, \u00e9 um \u00f3timo exemplo de como um projeto conceitualmente bem concebido pode proporcionar para o bairro e para seu entorno qualidade de vida e intera\u00e7\u00e3o com a natureza, al\u00e9m de plantas que se adequam a diversos perfis e permitem uma completa personaliza\u00e7\u00e3o do apartamento com materiais e acabamentos que refletem o estilo de cada um.<\/p>\n<p style=\"font-weight: 400;\">\u201cAs plantas foram pensadas para oferecer funcionalidade e otimiza\u00e7\u00e3o dos espa\u00e7os. Um exemplo s\u00e3o as op\u00e7\u00f5es de integra\u00e7\u00e3o seja com a varanda ou su\u00edtes\u201d, explica o arquiteto Fernando Rivaben, que assina o projeto do \u00cele Verte.<\/p>\n<p style=\"font-weight: 400;\">E cada vez mais esse conceito de integra\u00e7\u00e3o entre os ambientes v\u00eam ganhando o gosto dos brasileiros. Os\u00a0ambientes integrados\u00a0s\u00e3o uma excelente maneira de organizar os espa\u00e7os de conviv\u00eancia, proporcionando v\u00e1rias vantagens pr\u00e1ticas, como: melhor aproveitamento do espa\u00e7o; melhores condi\u00e7\u00f5es de ventila\u00e7\u00e3o e ilumina\u00e7\u00e3o natural. Essas vantagens podem ser aproveitadas tanto em c\u00f4modos de conv\u00edvio quanto em c\u00f4modos \u00edntimos, ganhando assim mais qualidade na disposi\u00e7\u00e3o geral dos ambientes.<\/p>\n<p style=\"font-weight: 400;\">Outro ponto que vale ressaltar \u00e9 que as pessoas est\u00e3o buscando diferentes formas de relaxar e o Il\u00ea Verte torna-se um ref\u00fagio para desconectar-se de todos os problemas em ambientes projetados com praticidade e eleg\u00e2ncia, para deixar sua rotina muito mais leve.<\/p>\n<p style=\"font-weight: 400;\">&#8220;Concebemos o projeto para proporcionar momentos de lazer e conviv\u00eancia em ambientes inteligentes e envolventes, com muita liberdade, conforto e seguran\u00e7a\u201d, ressalta Rivaben.<\/p>\n<p style=\"font-weight: 400;\">O projeto contempla uma pra\u00e7a privativa, acessos independentes \u00e0s garagens, acesso social e para PNE, portaria, acesso de servi\u00e7o, hall social, pra\u00e7a da \u00e1rvore, espa\u00e7o gourmet, sal\u00e3o de festas e quadras poliesportivas. Al\u00e9m de piscina adulto, piscina infantil, \u00e1rea de fitness, sauna, sal\u00e3o de festas infantil com pra\u00e7a de apoio, playground, jogos, brinquedoteca e churrasqueiras.<\/p>\n<p style=\"font-weight: 400;\">Projetos de arquitetura sofisticados, espa\u00e7os com design bem planejado, servi\u00e7os de lazer diferenciados s\u00e3o algumas das caracter\u00edsticas dos projetos idealizados pela Copema, sempre atenta as necessidades dos futuros moradores e das tend\u00eancias de mercado.<\/p>\n","protected":false},"excerpt":{"rendered":"<p>A arquitetura residencial vem sendo influenciada pelos novos tempos. O confinamento trouxe a necessidade de adaptar o lar para acomodar todas as atividades que passaram a ser realizadas em casa: trabalho, estudos, lazer, refei\u00e7\u00f5es e exerc\u00edcios f\u00edsicos Um dos reflexos da pandemia \u00e9 que a separa\u00e7\u00e3o de c\u00f4modos sai de cena e d\u00e1 lugar aos [&hellip;]<\/p>\n","protected":false},"author":2,"featured_media":200,"comment_status":"open","ping_status":"open","sticky":false,"template":"","format":"standard","meta":[],"categories":[4],"tags":[45,14,46],"_links":{"self":[{"href":"https:\/\/copema.com.br\/blog\/wp-json\/wp\/v2\/posts\/170"}],"collection":[{"href":"https:\/\/copema.com.br\/blog\/wp-json\/wp\/v2\/posts"}],"about":[{"href":"https:\/\/copema.com.br\/blog\/wp-json\/wp\/v2\/types\/post"}],"author":[{"embeddable":true,"href":"https:\/\/copema.com.br\/blog\/wp-json\/wp\/v2\/users\/2"}],"replies":[{"embeddable":true,"href":"https:\/\/copema.com.br\/blog\/wp-json\/wp\/v2\/comments?post=170"}],"version-history":[{"count":1,"href":"https:\/\/copema.com.br\/blog\/wp-json\/wp\/v2\/posts\/170\/revisions"}],"predecessor-version":[{"id":171,"href":"https:\/\/copema.com.br\/blog\/wp-json\/wp\/v2\/posts\/170\/revisions\/171"}],"wp:featuredmedia":[{"embeddable":true,"href":"https:\/\/copema.com.br\/blog\/wp-json\/wp\/v2\/media\/200"}],"wp:attachment":[{"href":"https:\/\/copema.com.br\/blog\/wp-json\/wp\/v2\/media?parent=170"}],"wp:term":[{"taxonomy":"category","embeddable":true,"href":"https:\/\/copema.com.br\/blog\/wp-json\/wp\/v2\/categories?post=170"},{"taxonomy":"post_tag","embeddable":true,"href":"https:\/\/copema.com.br\/blog\/wp-json\/wp\/v2\/tags?post=170"}],"curies":[{"name":"wp","href":"https:\/\/api.w.org\/{rel}","templated":true}]}}